{"id":220,"date":"2007-01-23T07:17:33","date_gmt":"2007-01-23T06:17:33","guid":{"rendered":"http:\/\/www.websyte.ch\/wordpress\/?p=220"},"modified":"2007-01-28T17:09:32","modified_gmt":"2007-01-28T16:09:32","slug":"wirre-traume","status":"publish","type":"post","link":"https:\/\/www.websyte.ch\/wordpress\/archive\/220","title":{"rendered":"wirre tr\u00e4ume"},"content":{"rendered":"<p>seit zwei \/ drei tagen plagen mich wirre tr\u00e4ume in der nacht, ich tr\u00e4ume von menschen, gegenst\u00e4nden, der arbeit und irgendwie durchmischt sich alles und endet irgendwie in einer nichtsaussagenden situation. so tr\u00e4ume ich von der arbeit, dass ich am falschen arbeitsplatz bin, von menschen, die ich kenne und von gegenst\u00e4nden wie schlafs\u00e4cke, seile oder andere dinge. ich hoffe es gibt da traumdeuter, die mir irgendwas dar\u00fcber berichten k\u00f6nnen? bin froh um jede deutung.<\/p>\n<blockquote><p>Ein Seil zum Festbinden oder Verschn\u00fcren verwenden k\u00fcndigt an, dass eine gew\u00fcnschte Verbindung nicht gelingen wird.<\/p><\/blockquote>\n<blockquote><p>Die Arbeit bedeutet im Traum meist die Notwendigkeit, an seiner Pers\u00f6nlichkeit zu arbeiten<\/p><\/blockquote>\n<p>die tollen deutungen??<\/p>\n","protected":false},"excerpt":{"rendered":"<p>seit zwei \/ drei tagen plagen mich wirre tr\u00e4ume in der nacht, ich tr\u00e4ume von menschen, gegenst\u00e4nden, der arbeit und irgendwie durchmischt sich alles und endet irgendwie in einer nichtsaussagenden situation. so tr\u00e4ume ich von der arbeit, dass ich am falschen arbeitsplatz bin, von menschen, die ich kenne und von gegenst\u00e4nden wie schlafs\u00e4cke, seile oder [&hellip;]<\/p>\n","protected":false},"author":71,"featured_media":0,"comment_status":"closed","ping_status":"closed","sticky":false,"template":"","format":"standard","meta":{"footnotes":""},"categories":[3,1],"tags":[],"class_list":["post-220","post","type-post","status-publish","format-standard","hentry","category-lebensalltag","category-websyte-news","missing-thumbnail"],"_links":{"self":[{"href":"https:\/\/www.websyte.ch\/wordpress\/wp-json\/wp\/v2\/posts\/220","targetHints":{"allow":["GET"]}}],"collection":[{"href":"https:\/\/www.websyte.ch\/wordpress\/wp-json\/wp\/v2\/posts"}],"about":[{"href":"https:\/\/www.websyte.ch\/wordpress\/wp-json\/wp\/v2\/types\/post"}],"author":[{"embeddable":true,"href":"https:\/\/www.websyte.ch\/wordpress\/wp-json\/wp\/v2\/users\/71"}],"replies":[{"embeddable":true,"href":"https:\/\/www.websyte.ch\/wordpress\/wp-json\/wp\/v2\/comments?post=220"}],"version-history":[{"count":0,"href":"https:\/\/www.websyte.ch\/wordpress\/wp-json\/wp\/v2\/posts\/220\/revisions"}],"wp:attachment":[{"href":"https:\/\/www.websyte.ch\/wordpress\/wp-json\/wp\/v2\/media?parent=220"}],"wp:term":[{"taxonomy":"category","embeddable":true,"href":"https:\/\/www.websyte.ch\/wordpress\/wp-json\/wp\/v2\/categories?post=220"},{"taxonomy":"post_tag","embeddable":true,"href":"https:\/\/www.websyte.ch\/wordpress\/wp-json\/wp\/v2\/tags?post=220"}],"curies":[{"name":"wp","href":"https:\/\/api.w.org\/{rel}","templated":true}]}}